{"id":39625,"date":"2024-10-31T18:24:51","date_gmt":"2024-10-31T17:24:51","guid":{"rendered":"https:\/\/kiwanis.www.kiwanis.be\/en-memoire-des-membres-du-kiwanis-decedes-en-2023-et-2024-2\/"},"modified":"2024-11-13T14:30:41","modified_gmt":"2024-11-13T13:30:41","slug":"en-memoire-des-membres-du-kiwanis-decedes-en-2023-et-2024-2","status":"publish","type":"post","link":"https:\/\/www.kiwanis.be\/fr\/en-memoire-des-membres-du-kiwanis-decedes-en-2023-et-2024-2\/","title":{"rendered":"En m\u00e9moire des membres du Kiwanis d\u00e9c\u00e9d\u00e9s en 2023 et 2024"},"content":{"rendered":"\n<p>Aujourd&rsquo;hui, nous prenons un moment de r\u00e9flexion pour nous souvenir des membres du Kiwanis qui nous ont quitt\u00e9s au cours de l&rsquo;ann\u00e9e \u00e9coul\u00e9e. Ces personnes sp\u00e9ciales ont eu un impact inoubliable sur la vie de nombreux enfants. Honorons leur h\u00e9ritage en perp\u00e9tuant nos valeurs et en nous engageant pour l&rsquo;avenir des g\u00e9n\u00e9rations futures. Leur esprit se perp\u00e9tue dans notre travail et notre solidarit\u00e9.   <\/p>\n\n\n\n<figure class=\"wp-block-video\"><video controls src=\"https:\/\/kiwanis.www.kiwanis.be\/wp-content\/uploads\/2024\/10\/overledenen2024.mp4\"><\/video><\/figure>\n","protected":false},"excerpt":{"rendered":"<p>Aujourd&rsquo;hui, nous prenons un moment de r\u00e9flexion pour nous souvenir des membres du Kiwanis qui nous ont quitt\u00e9s au cours de l&rsquo;ann\u00e9e \u00e9coul\u00e9e. Ces personnes sp\u00e9ciales ont eu un impact [&hellip;]<\/p>\n","protected":false},"author":29,"featured_media":39591,"comment_status":"closed","ping_status":"closed","sticky":false,"template":"","format":"standard","meta":{"_acf_changed":false,"footnotes":""},"categories":[250],"tags":[],"class_list":["post-39625","post","type-post","status-publish","format-standard","has-post-thumbnail","hentry","category-nouvelles"],"acf":[],"_links":{"self":[{"href":"https:\/\/www.kiwanis.be\/fr\/wp-json\/wp\/v2\/posts\/39625","targetHints":{"allow":["GET"]}}],"collection":[{"href":"https:\/\/www.kiwanis.be\/fr\/wp-json\/wp\/v2\/posts"}],"about":[{"href":"https:\/\/www.kiwanis.be\/fr\/wp-json\/wp\/v2\/types\/post"}],"author":[{"embeddable":true,"href":"https:\/\/www.kiwanis.be\/fr\/wp-json\/wp\/v2\/users\/29"}],"replies":[{"embeddable":true,"href":"https:\/\/www.kiwanis.be\/fr\/wp-json\/wp\/v2\/comments?post=39625"}],"version-history":[{"count":2,"href":"https:\/\/www.kiwanis.be\/fr\/wp-json\/wp\/v2\/posts\/39625\/revisions"}],"predecessor-version":[{"id":39967,"href":"https:\/\/www.kiwanis.be\/fr\/wp-json\/wp\/v2\/posts\/39625\/revisions\/39967"}],"wp:featuredmedia":[{"embeddable":true,"href":"https:\/\/www.kiwanis.be\/fr\/wp-json\/wp\/v2\/media\/39591"}],"wp:attachment":[{"href":"https:\/\/www.kiwanis.be\/fr\/wp-json\/wp\/v2\/media?parent=39625"}],"wp:term":[{"taxonomy":"category","embeddable":true,"href":"https:\/\/www.kiwanis.be\/fr\/wp-json\/wp\/v2\/categories?post=39625"},{"taxonomy":"post_tag","embeddable":true,"href":"https:\/\/www.kiwanis.be\/fr\/wp-json\/wp\/v2\/tags?post=39625"}],"curies":[{"name":"wp","href":"https:\/\/api.w.org\/{rel}","templated":true}]}}