{"id":16509,"date":"2023-02-20T15:53:54","date_gmt":"2023-02-20T14:53:54","guid":{"rendered":"https:\/\/kiwanis.www.kiwanis.be\/our-president-comes-to-belgium\/"},"modified":"2023-02-22T10:44:15","modified_gmt":"2023-02-22T09:44:15","slug":"our-president-comes-to-belgium","status":"publish","type":"post","link":"https:\/\/www.kiwanis.be\/fr\/our-president-comes-to-belgium\/","title":{"rendered":"Our President comes to Belgium"},"content":{"rendered":"\n<p>Bert West, pr\u00e9sident mondial du Kiwanis, est en Belgique pour une visite de trois jours. Ceux qui souhaitent y assister peuvent le faire. Venez le saluer le lundi 27 f\u00e9vrier 2023 pendant le Last Post \u00e0 Ypres de 19h15 \u00e0 20h15.<\/p>\n","protected":false},"excerpt":{"rendered":"<p>Bert West, pr\u00e9sident mondial du Kiwanis, est en Belgique pour une visite de trois jours. Ceux qui souhaitent y assister peuvent le faire. Venez le saluer le lundi 27 f\u00e9vrier [&hellip;]<\/p>\n","protected":false},"author":5,"featured_media":19549,"comment_status":"open","ping_status":"open","sticky":false,"template":"","format":"standard","meta":{"_acf_changed":false,"footnotes":""},"categories":[],"tags":[],"class_list":["post-16509","post","type-post","status-publish","format-standard","has-post-thumbnail","hentry"],"acf":[],"_links":{"self":[{"href":"https:\/\/www.kiwanis.be\/fr\/wp-json\/wp\/v2\/posts\/16509","targetHints":{"allow":["GET"]}}],"collection":[{"href":"https:\/\/www.kiwanis.be\/fr\/wp-json\/wp\/v2\/posts"}],"about":[{"href":"https:\/\/www.kiwanis.be\/fr\/wp-json\/wp\/v2\/types\/post"}],"author":[{"embeddable":true,"href":"https:\/\/www.kiwanis.be\/fr\/wp-json\/wp\/v2\/users\/5"}],"replies":[{"embeddable":true,"href":"https:\/\/www.kiwanis.be\/fr\/wp-json\/wp\/v2\/comments?post=16509"}],"version-history":[{"count":0,"href":"https:\/\/www.kiwanis.be\/fr\/wp-json\/wp\/v2\/posts\/16509\/revisions"}],"wp:featuredmedia":[{"embeddable":true,"href":"https:\/\/www.kiwanis.be\/fr\/wp-json\/wp\/v2\/media\/19549"}],"wp:attachment":[{"href":"https:\/\/www.kiwanis.be\/fr\/wp-json\/wp\/v2\/media?parent=16509"}],"wp:term":[{"taxonomy":"category","embeddable":true,"href":"https:\/\/www.kiwanis.be\/fr\/wp-json\/wp\/v2\/categories?post=16509"},{"taxonomy":"post_tag","embeddable":true,"href":"https:\/\/www.kiwanis.be\/fr\/wp-json\/wp\/v2\/tags?post=16509"}],"curies":[{"name":"wp","href":"https:\/\/api.w.org\/{rel}","templated":true}]}}