{"id":20154,"date":"2023-02-20T15:53:54","date_gmt":"2023-02-20T14:53:54","guid":{"rendered":"https:\/\/kiwanis.www.kiwanis.be\/unser-praesident-kommt-nach-belgien\/"},"modified":"2023-04-21T07:19:03","modified_gmt":"2023-04-21T06:19:03","slug":"unser-praesident-kommt-nach-belgien","status":"publish","type":"post","link":"https:\/\/www.kiwanis.be\/de\/unser-praesident-kommt-nach-belgien\/","title":{"rendered":"Unser Pr\u00e4sident kommt nach Belgien"},"content":{"rendered":"\n<p>Bert West, der Weltpr\u00e4sident von Kiwanis, ist f\u00fcr einen dreit\u00e4gigen Besuch in Belgien. Diejenigen, die daran teilnehmen m\u00f6chten, k\u00f6nnen dies tun. Kommen Sie und begr\u00fc\u00dfen Sie ihn amMontag, den 27. Februar 2023, w\u00e4hrend des &#8222;Last Post&#8220; in Ypern von 19.15 bis 20.15 Uhr.<\/p>\n","protected":false},"excerpt":{"rendered":"<p>Bert West, der Weltpr\u00e4sident von Kiwanis, ist f\u00fcr einen dreit\u00e4gigen Besuch in Belgien. Diejenigen, die daran teilnehmen m\u00f6chten, k\u00f6nnen dies tun. Kommen Sie und begr\u00fc\u00dfen Sie ihn amMontag, den 27. [&hellip;]<\/p>\n","protected":false},"author":5,"featured_media":19550,"comment_status":"open","ping_status":"open","sticky":false,"template":"","format":"standard","meta":{"_acf_changed":false,"footnotes":""},"categories":[],"tags":[],"class_list":["post-20154","post","type-post","status-publish","format-standard","has-post-thumbnail","hentry"],"acf":[],"_links":{"self":[{"href":"https:\/\/www.kiwanis.be\/de\/wp-json\/wp\/v2\/posts\/20154","targetHints":{"allow":["GET"]}}],"collection":[{"href":"https:\/\/www.kiwanis.be\/de\/wp-json\/wp\/v2\/posts"}],"about":[{"href":"https:\/\/www.kiwanis.be\/de\/wp-json\/wp\/v2\/types\/post"}],"author":[{"embeddable":true,"href":"https:\/\/www.kiwanis.be\/de\/wp-json\/wp\/v2\/users\/5"}],"replies":[{"embeddable":true,"href":"https:\/\/www.kiwanis.be\/de\/wp-json\/wp\/v2\/comments?post=20154"}],"version-history":[{"count":0,"href":"https:\/\/www.kiwanis.be\/de\/wp-json\/wp\/v2\/posts\/20154\/revisions"}],"wp:featuredmedia":[{"embeddable":true,"href":"https:\/\/www.kiwanis.be\/de\/wp-json\/wp\/v2\/media\/19550"}],"wp:attachment":[{"href":"https:\/\/www.kiwanis.be\/de\/wp-json\/wp\/v2\/media?parent=20154"}],"wp:term":[{"taxonomy":"category","embeddable":true,"href":"https:\/\/www.kiwanis.be\/de\/wp-json\/wp\/v2\/categories?post=20154"},{"taxonomy":"post_tag","embeddable":true,"href":"https:\/\/www.kiwanis.be\/de\/wp-json\/wp\/v2\/tags?post=20154"}],"curies":[{"name":"wp","href":"https:\/\/api.w.org\/{rel}","templated":true}]}}